{"id":89,"date":"2023-04-28T09:33:50","date_gmt":"2023-04-28T09:33:50","guid":{"rendered":"https:\/\/www.ginasiosdavinci.com\/blog\/?p=89"},"modified":"2023-04-28T09:34:36","modified_gmt":"2023-04-28T09:34:36","slug":"como-conciliar-a-vida-social-do-seu-filho-com-as-responsabilidades-escolares","status":"publish","type":"post","link":"https:\/\/www.ginasiosdavinci.com\/blog\/2023\/04\/28\/como-conciliar-a-vida-social-do-seu-filho-com-as-responsabilidades-escolares\/","title":{"rendered":"Como conciliar a vida social do seu filho com as responsabilidades escolares?"},"content":{"rendered":"\n<p>A vida social com os pares ocupa uma grande parte do tempo na vida dos adolescentes. \u00c9 importante que convivam com os seus pares, pois \u00e9 com eles que far\u00e3o a valida\u00e7\u00e3o para a sua identidade e a caminhada para a idade adulta.<\/p>\n\n\n\n<figure class=\"wp-block-image size-full\"><img loading=\"lazy\" decoding=\"async\" width=\"740\" height=\"493\" src=\"https:\/\/www.ginasiosdavinci.com\/blog\/wp-content\/uploads\/2023\/04\/temp2-16.webp\" alt=\"\" class=\"wp-image-90\" srcset=\"https:\/\/www.ginasiosdavinci.com\/blog\/wp-content\/uploads\/2023\/04\/temp2-16.webp 740w, https:\/\/www.ginasiosdavinci.com\/blog\/wp-content\/uploads\/2023\/04\/temp2-16-300x200.webp 300w, https:\/\/www.ginasiosdavinci.com\/blog\/wp-content\/uploads\/2023\/04\/temp2-16-174x116.webp 174w\" sizes=\"auto, (max-width: 740px) 100vw, 740px\" \/><\/figure>\n\n\n\n<p id=\"viewer-2al0p\">Tamb\u00e9m a escola e as responsabilidades que esta acarreta (ir \u00e0s aulas, horas de estudo, trabalhos de casa, trabalhos de grupo\u2026) se tornam cada vez mais exigentes e ocupam cada vez mais tempo.<\/p>\n\n\n\n<p id=\"viewer-a410n\">Estudar diariamente passa a ser necess\u00e1rio. As atividades extracurriculares, as redes sociais, o telem\u00f3vel, a apar\u00eancia f\u00edsica, os cuidados com esta, o escolher e decidir a roupa, etc., tamb\u00e9m ocupam muito tempo na vida de um adolescente.<\/p>\n\n\n\n<p id=\"viewer-89tup\"><strong>Como conciliar a vida social com as responsabilidades escolares?<\/strong><\/p>\n\n\n\n<p id=\"viewer-d7gss\">Comecemos por abordar o que os pais devem evitar fazer:<\/p>\n\n\n\n<ul class=\"wp-block-list\">\n<li>proibir ou reduzir muito as sa\u00eddas;<\/li>\n\n\n\n<li>dizer constantemente para ir estudar;<\/li>\n\n\n\n<li>usar o poder econ\u00f3mico como \u201camea\u00e7a\u201d;<\/li>\n\n\n\n<li>estabelecer compara\u00e7\u00f5es com \u201cadolescentes perfeitos\u201d.<\/li>\n<\/ul>\n\n\n\n<p id=\"viewer-7mgqf\">O efeito obtido \u00e9, geralmente, o oposto. Por mais adaptado que seja o adolescente, h\u00e1 sempre uma certa dose de desafio e de cr\u00edtica \u00e0 autoridade parental, pelo que as regras, se impostas, convidam \u00e0 transgress\u00e3o.<\/p>\n\n\n\n<p id=\"viewer-ampp9\"><strong>Se o tempo de estudo e as sa\u00eddas forem negociados, \u00e9 mais prov\u00e1vel que as responsabilidades escolares sejam assumidas.<\/strong><\/p>\n\n\n\n<p id=\"viewer-7k4ff\">O uso da compara\u00e7\u00e3o com familiares ou amigos \u00e9 tamb\u00e9m contraproducente. Estamos a lidar com peritos na compara\u00e7\u00e3o social e na argumenta\u00e7\u00e3o. Facilmente encontrar\u00e3o in\u00fameros exemplos extremamente relevantes para ilustrar o seu ponto de vista.<\/p>\n\n\n\n<p id=\"viewer-93ngn\">Claro que \u00e9 poss\u00edvel conciliar tudo se forem feitas ced\u00eancias e negocia\u00e7\u00f5es. Respeitar, acreditar e dar votos de confian\u00e7a aos adolescentes tamb\u00e9m ajuda na tarefa de equilibrar dever com lazer.<\/p>\n\n\n\n<p id=\"viewer-6r9kp\"><strong>Guia pr\u00e1tico para a concilia\u00e7\u00e3o<\/strong><\/p>\n\n\n\n<p id=\"viewer-aqdde\">Propomos, assim, que seja elaborado um hor\u00e1rio semanal, do qual devem constar as aulas, as horas a dedicar ao estudo, referindo o tempo para cada disciplina, as atividades extracurriculares e os tempos livres. Esses tempos livres s\u00e3o os que dedicar\u00e1 aos amigos, ao eventual namorado\/a, \u00e0 \u201cvida\u201d virtual (redes sociais e afins) e \u00e0s sa\u00eddas noturnas.<\/p>\n\n\n\n<p id=\"viewer-62mb9\">As horas de sono, entre as 8 e as 9 horas (noturnas, dormir de dia n\u00e3o tem o mesmo efeito), devem ser respeitadas. Os pais devem supervisionar este hor\u00e1rio, ajudar a constru\u00ed-lo, mas deve ser o adolescente o respons\u00e1vel pela elabora\u00e7\u00e3o do mesmo, para que se sinta absolutamente implicado no processo e no consequente cumprimento do mesmo.<\/p>\n\n\n\n<p id=\"viewer-foaoe\">As sa\u00eddas, especialmente as noturnas, devem ser negociadas com os pais. Quantas vezes por m\u00eas pode sair? A que horas dever\u00e1 voltar para casa? Isso ir\u00e1 afetar a escola? E o descanso de que o adolescente necessita? Que consequ\u00eancias acarreta o n\u00e3o cumprimento? Todas estas quest\u00f5es devem ser colocadas na mesa e discutidas.<\/p>\n\n\n\n<p id=\"viewer-1bgh1\">Quando o hor\u00e1rio \u00e9 cumprido: elogiar para motivar o adolescente para a continua\u00e7\u00e3o do cumprimento do mesmo. Quando n\u00e3o \u00e9 cumprido: conversar sobre o assunto, procurar compreender o porqu\u00ea, arranjar solu\u00e7\u00f5es para repor o que n\u00e3o foi feito. Entrar em conflito n\u00e3o vai melhorar nem prevenir futuras situa\u00e7\u00f5es de incumprimento\/irresponsabilidade; enfrentar as consequ\u00eancias, sim.<\/p>\n\n\n\n<p id=\"viewer-c76bl\">O hor\u00e1rio acima referido deve ser ajustado \u00e0s necessidades que v\u00e3o surgindo, deve ser din\u00e2mico, mas os pais devem exigir o seu cumprimento, dado que o mesmo \u00e9 feito conjuntamente e negociado com o adolescente. Permitir alter\u00e1-lo sem justa causa n\u00e3o ajuda nada o jovem, mas, antes, desresponsabiliza-o do cumprimento do mesmo.<\/p>\n\n\n\n<p id=\"viewer-3mdhl\">As decis\u00f5es tomadas devem ser confort\u00e1veis para todos, mas a \u00faltima palavra, em caso de conflito, dever\u00e1 ser dos pais.<\/p>\n\n\n\n<p id=\"viewer-1aoeh\">A palavra-chave \u00e9, sem d\u00favida, <strong>COMUNICA\u00c7\u00c3O.<\/strong><\/p>\n\n\n\n<p id=\"viewer-92bfl\">Ana Rodrigues da Costa, <a href=\"https:\/\/www.portoeditora.pt\/paisealunos\/pais-and-alunos\/noticia\/ver\/?id=28844&amp;langid=1\" target=\"_blank\" rel=\"noreferrer noopener\"><u>portoeditora.pt<\/u><\/a><\/p>\n<div class=\"likebtn_container\" style=\"\"><!-- LikeBtn.com BEGIN --><span class=\"likebtn-wrapper\"  data-identifier=\"post_89\"  data-lang=\"pt\"  data-style=\"\"  data-unlike_allowed=\"\"  data-show_copyright=\"\"  data-item_url=\"https:\/\/www.ginasiosdavinci.com\/blog\/2023\/04\/28\/como-conciliar-a-vida-social-do-seu-filho-com-as-responsabilidades-escolares\/\"  data-item_title=\"Como conciliar a vida social do seu filho com as responsabilidades escolares?\"  data-item_image=\"https:\/\/www.ginasiosdavinci.com\/blog\/wp-content\/uploads\/2023\/04\/temp2-16.webp\"  data-item_date=\"2023-04-28T09:33:50+00:00\"  data-engine=\"WordPress\"  data-plugin_v=\"2.6.48\"  data-event_handler=\"likebtn_eh\" ><\/span><!-- LikeBtn.com END --><\/div>","protected":false},"excerpt":{"rendered":"<p>A vida social com os pares ocupa uma grande parte do tempo na vida dos adolescentes. \u00c9 importante que convivam com os seus pares, pois \u00e9 com eles que far\u00e3o a valida\u00e7\u00e3o para a sua identidade e a caminhada para a idade adulta. Tamb\u00e9m a escola e as responsabilidades que esta acarreta (ir \u00e0s aulas, [&hellip;]<\/p>\n<div class=\"likebtn_container\" style=\"\"><!-- LikeBtn.com BEGIN --><span class=\"likebtn-wrapper\"  data-identifier=\"post_89\"  data-lang=\"pt\"  data-style=\"\"  data-unlike_allowed=\"\"  data-show_copyright=\"\"  data-item_url=\"https:\/\/www.ginasiosdavinci.com\/blog\/2023\/04\/28\/como-conciliar-a-vida-social-do-seu-filho-com-as-responsabilidades-escolares\/\"  data-item_title=\"Como conciliar a vida social do seu filho com as responsabilidades escolares?\"  data-item_image=\"https:\/\/www.ginasiosdavinci.com\/blog\/wp-content\/uploads\/2023\/04\/temp2-16.webp\"  data-item_date=\"2023-04-28T09:33:50+00:00\"  data-engine=\"WordPress\"  data-plugin_v=\"2.6.48\"  data-event_handler=\"likebtn_eh\" ><\/span><!-- LikeBtn.com END --><\/div>","protected":false},"author":1,"featured_media":90,"comment_status":"open","ping_status":"open","sticky":false,"template":"","format":"standard","meta":{"footnotes":""},"categories":[1],"tags":[],"class_list":["post-89","post","type-post","status-publish","format-standard","has-post-thumbnail","hentry","category-uncategorized"],"aioseo_notices":[],"jetpack_featured_media_url":"https:\/\/www.ginasiosdavinci.com\/blog\/wp-content\/uploads\/2023\/04\/temp2-16.webp","_links":{"self":[{"href":"https:\/\/www.ginasiosdavinci.com\/blog\/wp-json\/wp\/v2\/posts\/89","targetHints":{"allow":["GET"]}}],"collection":[{"href":"https:\/\/www.ginasiosdavinci.com\/blog\/wp-json\/wp\/v2\/posts"}],"about":[{"href":"https:\/\/www.ginasiosdavinci.com\/blog\/wp-json\/wp\/v2\/types\/post"}],"author":[{"embeddable":true,"href":"https:\/\/www.ginasiosdavinci.com\/blog\/wp-json\/wp\/v2\/users\/1"}],"replies":[{"embeddable":true,"href":"https:\/\/www.ginasiosdavinci.com\/blog\/wp-json\/wp\/v2\/comments?post=89"}],"version-history":[{"count":1,"href":"https:\/\/www.ginasiosdavinci.com\/blog\/wp-json\/wp\/v2\/posts\/89\/revisions"}],"predecessor-version":[{"id":91,"href":"https:\/\/www.ginasiosdavinci.com\/blog\/wp-json\/wp\/v2\/posts\/89\/revisions\/91"}],"wp:featuredmedia":[{"embeddable":true,"href":"https:\/\/www.ginasiosdavinci.com\/blog\/wp-json\/wp\/v2\/media\/90"}],"wp:attachment":[{"href":"https:\/\/www.ginasiosdavinci.com\/blog\/wp-json\/wp\/v2\/media?parent=89"}],"wp:term":[{"taxonomy":"category","embeddable":true,"href":"https:\/\/www.ginasiosdavinci.com\/blog\/wp-json\/wp\/v2\/categories?post=89"},{"taxonomy":"post_tag","embeddable":true,"href":"https:\/\/www.ginasiosdavinci.com\/blog\/wp-json\/wp\/v2\/tags?post=89"}],"curies":[{"name":"wp","href":"https:\/\/api.w.org\/{rel}","templated":true}]}}