{"id":508,"date":"2024-03-30T11:58:55","date_gmt":"2024-03-30T11:58:55","guid":{"rendered":"https:\/\/www.ginasiosdavinci.com\/blog\/?p=508"},"modified":"2024-03-30T11:58:55","modified_gmt":"2024-03-30T11:58:55","slug":"mudanca-da-hora-horario-de-verao","status":"publish","type":"post","link":"https:\/\/www.ginasiosdavinci.com\/blog\/2024\/03\/30\/mudanca-da-hora-horario-de-verao\/","title":{"rendered":"Mudan\u00e7a da Hora: Hor\u00e1rio de Ver\u00e3o"},"content":{"rendered":"\n<p><\/p>\n\n\n\n<p>Nesta madrugada de 31 de mar\u00e7o, \u00e0 1h, os rel\u00f3gios adiantar-se-\u00e3o uma hora, um ritual anual que marca a transi\u00e7\u00e3o do hor\u00e1rio de inverno para o de ver\u00e3o. Isso significa que, quando o rel\u00f3gio marcar 1h00, devemos ajust\u00e1-lo para as 2h00. Embora muitos dispositivos eletr\u00f3nicos fa\u00e7am essa atualiza\u00e7\u00e3o automaticamente, ainda \u00e9 comum a necessidade de ajustar manualmente alguns rel\u00f3gios. <\/p>\n\n\n\n<p>O movimento que promete mais luz ao final do dia e sinaliza a aproxima\u00e7\u00e3o dos dias mais longos e quentes.<\/p>\n\n\n\n<h3 class=\"wp-block-heading\">Por Que mudamos a Hora?<\/h3>\n\n\n\n<p>A principal raz\u00e3o pela qual muitos pa\u00edses ainda adotam a mudan\u00e7a sazonal da hora \u00e9 a economia de energia. Com mais luz natural ao final do dia, reduz-se a necessidade de ilumina\u00e7\u00e3o artificial, contribuindo para uma ligeira diminui\u00e7\u00e3o no consumo de energia el\u00e9trica. Adicionalmente, muitos apreciam os benef\u00edcios associados ao maior aproveitamento da luz solar, como mais tempo para atividades ao ar livre e um bem-estar geral aprimorado. <\/p>\n\n\n\n<h3 class=\"wp-block-heading\">A Origem da Mudan\u00e7a da Hora<\/h3>\n\n\n\n<p>A ideia de alterar a hora para aproveitar melhor a luz do dia remonta ao final do s\u00e9culo XVIII, com Benjamin Franklin sendo um dos primeiros a sugerir tal conceito. Contudo, foi apenas durante a Primeira Guerra Mundial que a pr\u00e1tica ganhou terreno, implementada inicialmente pela Alemanha e seus aliados para economizar carv\u00e3o, essencial para o esfor\u00e7o de guerra. Outros pa\u00edses, incluindo Portugal, seguiram o exemplo, vendo na medida uma forma de otimizar o uso da luz natural e economizar energia.<\/p>\n\n\n\n<h3 class=\"wp-block-heading\">Adapta\u00e7\u00e3o \u00e0 mudan\u00e7a de hora<\/h3>\n\n\n\n<p>A mudan\u00e7a da hora pode afetar o nosso rel\u00f3gio biol\u00f3gico, provocando um ligeiro desajuste conhecido como &#8220;jet lag social&#8221;. Para facilitar a adapta\u00e7\u00e3o, \u00e9 aconselh\u00e1vel ajustar gradualmente a rotina alguns dias antes, indo para a cama e acordando um pouco mais cedo. A exposi\u00e7\u00e3o \u00e0 luz natural ao acordar tamb\u00e9m pode ajudar a reajustar o nosso ciclo circadiano mais rapidamente.<\/p>\n\n\n\n<h3 class=\"wp-block-heading\">Reflex\u00e3o final<\/h3>\n\n\n\n<p>A pr\u00e1tica de alterar a hora tem sido objeto de debate ao longo dos anos, com argumentos tanto a favor quanto contra a sua continuidade. Independentemente das perspetivas, a mudan\u00e7a da hora em mar\u00e7o permanece como um marco na nossa transi\u00e7\u00e3o sazonal, encorajando-nos a refletir sobre o uso que fazemos da luz natural e o impacto das nossas rotinas no consumo de energia. \u00c0 medida que adiantamos os rel\u00f3gios este ano, podemos tamb\u00e9m considerar como otimizar nosso dia-a-dia para harmonizar com os ritmos naturais, em busca de um estilo de vida mais sustent\u00e1vel e equilibrado.<\/p>\n\n\n\n<p><strong><a href=\"http:\/\/www.ginasiosdavinci.com\" title=\"Gin\u00e1sios da Educa\u00e7\u00e3o Da Vinci. Onde h\u00e1 sempre mais para aprender. \">Gin\u00e1sios da Educa\u00e7\u00e3o Da Vinci. Onde h\u00e1 sempre mais para aprender. <\/a><\/strong><\/p>\n<div class=\"likebtn_container\" style=\"\"><!-- LikeBtn.com BEGIN --><span class=\"likebtn-wrapper\"  data-identifier=\"post_508\"  data-lang=\"pt\"  data-style=\"\"  data-unlike_allowed=\"\"  data-show_copyright=\"\"  data-item_url=\"https:\/\/www.ginasiosdavinci.com\/blog\/2024\/03\/30\/mudanca-da-hora-horario-de-verao\/\"  data-item_title=\"Mudan\u00e7a da Hora: Hor\u00e1rio de Ver\u00e3o\"  data-item_image=\"https:\/\/www.ginasiosdavinci.com\/blog\/wp-content\/uploads\/2024\/03\/HORA-DE-VERAO-1024x1019.jpg\"  data-item_date=\"2024-03-30T11:58:55+00:00\"  data-engine=\"WordPress\"  data-plugin_v=\"2.6.48\"  data-event_handler=\"likebtn_eh\" ><\/span><!-- LikeBtn.com END --><\/div>","protected":false},"excerpt":{"rendered":"<p>Nesta madrugada de 31 de mar\u00e7o, \u00e0 1h, os rel\u00f3gios adiantar-se-\u00e3o uma hora, um ritual anual que marca a transi\u00e7\u00e3o do hor\u00e1rio de inverno para o de ver\u00e3o. Isso significa que, quando o rel\u00f3gio marcar 1h00, devemos ajust\u00e1-lo para as 2h00. Embora muitos dispositivos eletr\u00f3nicos fa\u00e7am essa atualiza\u00e7\u00e3o automaticamente, ainda \u00e9 comum a necessidade de [&hellip;]<\/p>\n<div class=\"likebtn_container\" style=\"\"><!-- LikeBtn.com BEGIN --><span class=\"likebtn-wrapper\"  data-identifier=\"post_508\"  data-lang=\"pt\"  data-style=\"\"  data-unlike_allowed=\"\"  data-show_copyright=\"\"  data-item_url=\"https:\/\/www.ginasiosdavinci.com\/blog\/2024\/03\/30\/mudanca-da-hora-horario-de-verao\/\"  data-item_title=\"Mudan\u00e7a da Hora: Hor\u00e1rio de Ver\u00e3o\"  data-item_image=\"https:\/\/www.ginasiosdavinci.com\/blog\/wp-content\/uploads\/2024\/03\/HORA-DE-VERAO-1024x1019.jpg\"  data-item_date=\"2024-03-30T11:58:55+00:00\"  data-engine=\"WordPress\"  data-plugin_v=\"2.6.48\"  data-event_handler=\"likebtn_eh\" ><\/span><!-- LikeBtn.com END --><\/div>","protected":false},"author":1,"featured_media":510,"comment_status":"open","ping_status":"open","sticky":false,"template":"","format":"standard","meta":{"footnotes":""},"categories":[15,17,19],"tags":[],"class_list":["post-508","post","type-post","status-publish","format-standard","has-post-thumbnail","hentry","category-curiosidades","category-noticias","category-pais"],"aioseo_notices":[],"jetpack_featured_media_url":"https:\/\/www.ginasiosdavinci.com\/blog\/wp-content\/uploads\/2024\/03\/HORA-DE-VERAO.jpg","_links":{"self":[{"href":"https:\/\/www.ginasiosdavinci.com\/blog\/wp-json\/wp\/v2\/posts\/508","targetHints":{"allow":["GET"]}}],"collection":[{"href":"https:\/\/www.ginasiosdavinci.com\/blog\/wp-json\/wp\/v2\/posts"}],"about":[{"href":"https:\/\/www.ginasiosdavinci.com\/blog\/wp-json\/wp\/v2\/types\/post"}],"author":[{"embeddable":true,"href":"https:\/\/www.ginasiosdavinci.com\/blog\/wp-json\/wp\/v2\/users\/1"}],"replies":[{"embeddable":true,"href":"https:\/\/www.ginasiosdavinci.com\/blog\/wp-json\/wp\/v2\/comments?post=508"}],"version-history":[{"count":3,"href":"https:\/\/www.ginasiosdavinci.com\/blog\/wp-json\/wp\/v2\/posts\/508\/revisions"}],"predecessor-version":[{"id":512,"href":"https:\/\/www.ginasiosdavinci.com\/blog\/wp-json\/wp\/v2\/posts\/508\/revisions\/512"}],"wp:featuredmedia":[{"embeddable":true,"href":"https:\/\/www.ginasiosdavinci.com\/blog\/wp-json\/wp\/v2\/media\/510"}],"wp:attachment":[{"href":"https:\/\/www.ginasiosdavinci.com\/blog\/wp-json\/wp\/v2\/media?parent=508"}],"wp:term":[{"taxonomy":"category","embeddable":true,"href":"https:\/\/www.ginasiosdavinci.com\/blog\/wp-json\/wp\/v2\/categories?post=508"},{"taxonomy":"post_tag","embeddable":true,"href":"https:\/\/www.ginasiosdavinci.com\/blog\/wp-json\/wp\/v2\/tags?post=508"}],"curies":[{"name":"wp","href":"https:\/\/api.w.org\/{rel}","templated":true}]}}