{"id":381,"date":"2023-06-25T22:32:33","date_gmt":"2023-06-25T22:32:33","guid":{"rendered":"https:\/\/www.ginasiosdavinci.com\/blog\/?p=381"},"modified":"2023-06-25T22:37:33","modified_gmt":"2023-06-25T22:37:33","slug":"exames-dia-27-as-930-ha-3-exames-matematica-a-do-12o-e-matematica-b-e-macs-matematica-aplicada-as-ciencias-sociais-do-11o-de-tarde-e-a-vez-do-latim","status":"publish","type":"post","link":"https:\/\/www.ginasiosdavinci.com\/blog\/2023\/06\/25\/exames-dia-27-as-930-ha-3-exames-matematica-a-do-12o-e-matematica-b-e-macs-matematica-aplicada-as-ciencias-sociais-do-11o-de-tarde-e-a-vez-do-latim\/","title":{"rendered":"Exames dia 27: \u00e0s 9:30 h\u00e1 3 exames &#8211; Matem\u00e1tica A do 12\u00ba, Matem\u00e1tica B e MACS (Matem\u00e1tica aplicada \u00e0s ci\u00eancias sociais) do 11\u00ba. De tarde \u00e9 a vez do Latim"},"content":{"rendered":"\n<figure class=\"wp-block-image size-large\"><img loading=\"lazy\" decoding=\"async\" width=\"1024\" height=\"959\" src=\"https:\/\/www.ginasiosdavinci.com\/blog\/wp-content\/uploads\/2023\/06\/27terca-exames-1024x959.jpg\" alt=\"\" class=\"wp-image-382\" srcset=\"https:\/\/www.ginasiosdavinci.com\/blog\/wp-content\/uploads\/2023\/06\/27terca-exames-1024x959.jpg 1024w, https:\/\/www.ginasiosdavinci.com\/blog\/wp-content\/uploads\/2023\/06\/27terca-exames-300x281.jpg 300w, https:\/\/www.ginasiosdavinci.com\/blog\/wp-content\/uploads\/2023\/06\/27terca-exames-768x719.jpg 768w, https:\/\/www.ginasiosdavinci.com\/blog\/wp-content\/uploads\/2023\/06\/27terca-exames-1536x1439.jpg 1536w, https:\/\/www.ginasiosdavinci.com\/blog\/wp-content\/uploads\/2023\/06\/27terca-exames-2048x1918.jpg 2048w, https:\/\/www.ginasiosdavinci.com\/blog\/wp-content\/uploads\/2023\/06\/27terca-exames-124x116.jpg 124w\" sizes=\"auto, (max-width: 1024px) 100vw, 1024px\" \/><\/figure>\n\n\n\n<p>Para quem vai fazer Matem\u00e1tica A:<\/p>\n\n\n\n<p><strong>Em Busca dos Zeros Perdidos: A Epopeia de um Guerreiro no Exame de Matem\u00e1tica<\/strong><\/p>\n\n\n\n<p>Chegou o grande dia, o dia em que vais colocar todos os teus conhecimentos \u00e0 prova no exame de Matem\u00e1tica do 12\u00ba ano.<\/p>\n\n\n\n<p>Chegou o dia de vestires a tua armadura de conhecimento, de empunhares a tua espada de racioc\u00ednio l\u00f3gico. \u00c9 o dia de te tornares her\u00f3i na tua pr\u00f3pria epopeia matem\u00e1tica. Vais ser um Guerreiro dos n\u00fameros!<\/p>\n\n\n\n<p>Lembra-te, cada problema \u00e9 uma aventura, cada solu\u00e7\u00e3o \u00e9 um tesouro.<\/p>\n\n\n\n<p>Vais demonstrar que \u00e9s o mestre dos n\u00fameros, das fun\u00e7\u00f5es de segundo, terceiro e quarto grau, da geometria, no plano e no espa\u00e7o, da \u00e1lgebra, da trigonometria, do c\u00e1lculo.<\/p>\n\n\n\n<p>Por isso, n\u00e3o tenhas medo dos teoremas nem das propriedades das fun\u00e7\u00f5es. Transforma o tem\u00edvel Pi num amigo, e os n\u00fameros irracionais em parceiros.<\/p>\n\n\n\n<p>Ao navegares pelas fun\u00e7\u00f5es, lembra-te que cada par\u00e1bola tem um s\u00f3 v\u00e9rtice e, nenhum, um ou dois zeros. A f\u00f3rmula resolvente foi inventada para te ajudar a descobri-los. E a regra de Ruffini tamb\u00e9m existe para te ajudar a desvendar os segredos ocultos dos polin\u00f3mios. Usa-a como um pirata usa o seu mapa do tesouro.<\/p>\n\n\n\n<p>E se de repente te sentires perdido num labirinto de dom\u00ednios e contradom\u00ednios, n\u00e3o te deixes intimidar. Eles s\u00e3o apenas as fronteiras do teu reino matem\u00e1tico.<\/p>\n\n\n\n<p>Quando a geometria surgir, lembra-te: cada figura, no plano ou no espa\u00e7o tem uma hist\u00f3ria para contar.<\/p>\n\n\n\n<p>Lembra-te que, cada logaritmo \u00e9 apenas uma ponte entre dois mundos, e cada exponencial, uma escada para os c\u00e9us. Sobe-as com confian\u00e7a.<\/p>\n\n\n\n<p>E, por \u00faltimo, mas n\u00e3o menos importante, quando enfrentares os n\u00fameros complexos, ri na cara deles. Porque sabes que, por mais &#8216;imagin\u00e1rios&#8217; que possam parecer, s\u00e3o t\u00e3o reais como qualquer outro n\u00famero no universo num\u00e9rico.<\/p>\n\n\n\n<p>N\u00e3o te deixes enganar pelos limites, pois eles podem ser a porta para o infinito. Abre-a com coragem, e descobrir\u00e1s mundos nunca antes imaginados.<\/p>\n\n\n\n<p>Portanto, que a precis\u00e3o do teu racioc\u00ednio seja a tua b\u00fassola. Que as derivadas n\u00e3o sejam obst\u00e1culos, mas degraus para a compreens\u00e3o mais profunda. E lembra-te, qualquer que seja o resultado, nunca pares de explorar o incr\u00edvel universo matem\u00e1tico. <\/p>\n\n\n\n<p>Boa sorte e um abra\u00e7o infinito e um sorriso exponencial.<\/p>\n\n\n\n<p>Muito Boa sorte! \ud83c\udf40\ud83d\udc4d<\/p>\n\n\n\n<p><\/p>\n\n\n\n<p>Em v\u00eddeo > https:\/\/youtu.be\/xk3xMVRIq_Y<\/p>\n\n\n\n<p>Este artigo foi produzido pelo site de refer\u00eancia em Portugal para exames nacionais, <a href=\"https:\/\/www.examesnacionais.com.pt\/\">https:\/\/www.examesnacionais.com.pt\/<\/a> Este portal um recurso valioso para todos os alunos que se encontram a preparar para os exames nacionais. Nele encontras uma variedade de materiais de estudo, dicas e conselhos \u00fateis. Encorajamos todos os alunos a visitar o site para obter mais informa\u00e7\u00f5es e recursos para ajudar na prepara\u00e7\u00e3o para os exames.<\/p>\n\n\n\n<p><\/p>\n\n\n\n<p><\/p>\n\n\n\n<p><\/p>\n<div class=\"likebtn_container\" style=\"\"><!-- LikeBtn.com BEGIN --><span class=\"likebtn-wrapper\"  data-identifier=\"post_381\"  data-lang=\"pt\"  data-style=\"\"  data-unlike_allowed=\"\"  data-show_copyright=\"\"  data-item_url=\"https:\/\/www.ginasiosdavinci.com\/blog\/2023\/06\/25\/exames-dia-27-as-930-ha-3-exames-matematica-a-do-12o-e-matematica-b-e-macs-matematica-aplicada-as-ciencias-sociais-do-11o-de-tarde-e-a-vez-do-latim\/\"  data-item_title=\"Exames dia 27: \u00e0s 9:30 h\u00e1 3 exames - Matem\u00e1tica A do 12\u00ba, Matem\u00e1tica B e MACS (Matem\u00e1tica aplicada \u00e0s ci\u00eancias sociais) do 11\u00ba. De tarde \u00e9 a vez do Latim\"  data-item_image=\"https:\/\/www.ginasiosdavinci.com\/blog\/wp-content\/uploads\/2023\/06\/27terca-exames-1024x959.jpg\"  data-item_date=\"2023-06-25T22:32:33+00:00\"  data-engine=\"WordPress\"  data-plugin_v=\"2.6.48\"  data-event_handler=\"likebtn_eh\" ><\/span><!-- LikeBtn.com END --><\/div>","protected":false},"excerpt":{"rendered":"<p>Para quem vai fazer Matem\u00e1tica A: Em Busca dos Zeros Perdidos: A Epopeia de um Guerreiro no Exame de Matem\u00e1tica Chegou o grande dia, o dia em que vais colocar todos os teus conhecimentos \u00e0 prova no exame de Matem\u00e1tica do 12\u00ba ano. Chegou o dia de vestires a tua armadura de conhecimento, de empunhares [&hellip;]<\/p>\n<div class=\"likebtn_container\" style=\"\"><!-- LikeBtn.com BEGIN --><span class=\"likebtn-wrapper\"  data-identifier=\"post_381\"  data-lang=\"pt\"  data-style=\"\"  data-unlike_allowed=\"\"  data-show_copyright=\"\"  data-item_url=\"https:\/\/www.ginasiosdavinci.com\/blog\/2023\/06\/25\/exames-dia-27-as-930-ha-3-exames-matematica-a-do-12o-e-matematica-b-e-macs-matematica-aplicada-as-ciencias-sociais-do-11o-de-tarde-e-a-vez-do-latim\/\"  data-item_title=\"Exames dia 27: \u00e0s 9:30 h\u00e1 3 exames - Matem\u00e1tica A do 12\u00ba, Matem\u00e1tica B e MACS (Matem\u00e1tica aplicada \u00e0s ci\u00eancias sociais) do 11\u00ba. De tarde \u00e9 a vez do Latim\"  data-item_image=\"https:\/\/www.ginasiosdavinci.com\/blog\/wp-content\/uploads\/2023\/06\/27terca-exames-1024x959.jpg\"  data-item_date=\"2023-06-25T22:32:33+00:00\"  data-engine=\"WordPress\"  data-plugin_v=\"2.6.48\"  data-event_handler=\"likebtn_eh\" ><\/span><!-- LikeBtn.com END --><\/div>","protected":false},"author":1,"featured_media":382,"comment_status":"open","ping_status":"open","sticky":false,"template":"","format":"standard","meta":{"footnotes":""},"categories":[14,24],"tags":[],"class_list":["post-381","post","type-post","status-publish","format-standard","has-post-thumbnail","hentry","category-educacao","category-exames"],"aioseo_notices":[],"jetpack_featured_media_url":"https:\/\/www.ginasiosdavinci.com\/blog\/wp-content\/uploads\/2023\/06\/27terca-exames.jpg","_links":{"self":[{"href":"https:\/\/www.ginasiosdavinci.com\/blog\/wp-json\/wp\/v2\/posts\/381","targetHints":{"allow":["GET"]}}],"collection":[{"href":"https:\/\/www.ginasiosdavinci.com\/blog\/wp-json\/wp\/v2\/posts"}],"about":[{"href":"https:\/\/www.ginasiosdavinci.com\/blog\/wp-json\/wp\/v2\/types\/post"}],"author":[{"embeddable":true,"href":"https:\/\/www.ginasiosdavinci.com\/blog\/wp-json\/wp\/v2\/users\/1"}],"replies":[{"embeddable":true,"href":"https:\/\/www.ginasiosdavinci.com\/blog\/wp-json\/wp\/v2\/comments?post=381"}],"version-history":[{"count":3,"href":"https:\/\/www.ginasiosdavinci.com\/blog\/wp-json\/wp\/v2\/posts\/381\/revisions"}],"predecessor-version":[{"id":385,"href":"https:\/\/www.ginasiosdavinci.com\/blog\/wp-json\/wp\/v2\/posts\/381\/revisions\/385"}],"wp:featuredmedia":[{"embeddable":true,"href":"https:\/\/www.ginasiosdavinci.com\/blog\/wp-json\/wp\/v2\/media\/382"}],"wp:attachment":[{"href":"https:\/\/www.ginasiosdavinci.com\/blog\/wp-json\/wp\/v2\/media?parent=381"}],"wp:term":[{"taxonomy":"category","embeddable":true,"href":"https:\/\/www.ginasiosdavinci.com\/blog\/wp-json\/wp\/v2\/categories?post=381"},{"taxonomy":"post_tag","embeddable":true,"href":"https:\/\/www.ginasiosdavinci.com\/blog\/wp-json\/wp\/v2\/tags?post=381"}],"curies":[{"name":"wp","href":"https:\/\/api.w.org\/{rel}","templated":true}]}}