{"id":372,"date":"2023-06-25T21:55:42","date_gmt":"2023-06-25T21:55:42","guid":{"rendered":"https:\/\/www.ginasiosdavinci.com\/blog\/?p=372"},"modified":"2023-06-25T22:14:03","modified_gmt":"2023-06-25T22:14:03","slug":"27-de-junho-exame-de-filosofia","status":"publish","type":"post","link":"https:\/\/www.ginasiosdavinci.com\/blog\/2023\/06\/25\/27-de-junho-exame-de-filosofia\/","title":{"rendered":"27 de junho, Exame de filosofia."},"content":{"rendered":"\n<figure class=\"wp-block-image size-large\"><img loading=\"lazy\" decoding=\"async\" width=\"1024\" height=\"938\" src=\"https:\/\/www.ginasiosdavinci.com\/blog\/wp-content\/uploads\/2023\/06\/26segunda-exames-1024x938.jpg\" alt=\"\" class=\"wp-image-374\" srcset=\"https:\/\/www.ginasiosdavinci.com\/blog\/wp-content\/uploads\/2023\/06\/26segunda-exames-1024x938.jpg 1024w, https:\/\/www.ginasiosdavinci.com\/blog\/wp-content\/uploads\/2023\/06\/26segunda-exames-300x275.jpg 300w, https:\/\/www.ginasiosdavinci.com\/blog\/wp-content\/uploads\/2023\/06\/26segunda-exames-768x704.jpg 768w, https:\/\/www.ginasiosdavinci.com\/blog\/wp-content\/uploads\/2023\/06\/26segunda-exames-1536x1407.jpg 1536w, https:\/\/www.ginasiosdavinci.com\/blog\/wp-content\/uploads\/2023\/06\/26segunda-exames-2048x1876.jpg 2048w, https:\/\/www.ginasiosdavinci.com\/blog\/wp-content\/uploads\/2023\/06\/26segunda-exames-127x116.jpg 127w\" sizes=\"auto, (max-width: 1024px) 100vw, 1024px\" \/><\/figure>\n\n\n\n<p>Se vais fazer exame de filosofia, n\u00e3o te esque\u00e7as que a sabedoria reside, n\u00e3o apenas em saber as respostas, mas tamb\u00e9m em perguntar as quest\u00f5es certas. Ent\u00e3o, quando estiveres a responder sobre as implica\u00e7\u00f5es morais do Imperativo Categ\u00f3rico de Kant, lembra-te do &#8216;porqu\u00ea&#8217;. Ou quando estiveres a discutir a Alegoria da Caverna de Plat\u00e3o, n\u00e3o te esque\u00e7as de perguntar, e&#8230;se?<br><br>Se o absurdo da vida te atingir, ri como faria Camus. Se ca\u00edres num po\u00e7o de d\u00favidas, dan\u00e7a ao redor do abismo como Nietzsche! E se te sentires perdido no meio do exame, lembra-te que at\u00e9 S\u00f3crates admitiu &#8220;s\u00f3 sei que nada sei&#8221;. Por vezes, a confus\u00e3o tamb\u00e9m pode ser uma forma de sabedoria.<br><br>Portanto, prepara-te para dilemas morais, est\u00e9tica, l\u00f3gica, epistemologia, mas acima de tudo, n\u00e3o te esque\u00e7as de desfrutar do processo. Afinal, a Filosofia n\u00e3o \u00e9 apenas um tema de exame, mas uma maneira de viver, questionar e compreender o mundo \u00e0 nossa volta.<br><br>Boa sorte para o exame! Que a for\u00e7a de Arist\u00f3teles esteja contigo e que a l\u00f3gica de Spinoza te guie. E, lembra-te, seja qual for o resultado, continua a filosofar e a questionar. Afinal, todos somos fil\u00f3sofos, s\u00f3 que alguns t\u00eam de fazer exames e outros n\u00e3o!<br><br>Um grande abra\u00e7o e um sorriso \u00e0 Decartes \ud83d\ude0a<\/p>\n\n\n\n<p>Muito Boa sorte!  \ud83c\udf40\ud83d\udc4d<\/p>\n\n\n\n<p><\/p>\n\n\n\n<p>Em v\u00eddeo  > <a href=\"https:\/\/youtu.be\/TMFAYbdnXsU\">https:\/\/youtu.be\/TMFAYbdnXsU<\/a><\/p>\n\n\n\n<p><\/p>\n\n\n\n<p>Este artigo foi produzido pelo site de refer\u00eancia em Portugal para exames nacionais, <a href=\"https:\/\/www.examesnacionais.com.pt\/\">https:\/\/www.examesnacionais.com.pt\/<\/a> Este portal um recurso valioso para todos os alunos que se encontram a preparar para os exames nacionais. Nele encontras uma variedade de materiais de estudo, dicas e conselhos \u00fateis. Encorajamos todos os alunos a visitar o site para obter mais informa\u00e7\u00f5es e recursos para ajudar na prepara\u00e7\u00e3o para os exames.<\/p>\n<div class=\"likebtn_container\" style=\"\"><!-- LikeBtn.com BEGIN --><span class=\"likebtn-wrapper\"  data-identifier=\"post_372\"  data-lang=\"pt\"  data-style=\"\"  data-unlike_allowed=\"\"  data-show_copyright=\"\"  data-item_url=\"https:\/\/www.ginasiosdavinci.com\/blog\/2023\/06\/25\/27-de-junho-exame-de-filosofia\/\"  data-item_title=\"27 de junho, Exame de filosofia.\"  data-item_image=\"https:\/\/www.ginasiosdavinci.com\/blog\/wp-content\/uploads\/2023\/06\/26segunda-exames-1024x938.jpg\"  data-item_date=\"2023-06-25T21:55:42+00:00\"  data-engine=\"WordPress\"  data-plugin_v=\"2.6.48\"  data-event_handler=\"likebtn_eh\" ><\/span><!-- LikeBtn.com END --><\/div>","protected":false},"excerpt":{"rendered":"<p>Se vais fazer exame de filosofia, n\u00e3o te esque\u00e7as que a sabedoria reside, n\u00e3o apenas em saber as respostas, mas tamb\u00e9m em perguntar as quest\u00f5es certas. Ent\u00e3o, quando estiveres a responder sobre as implica\u00e7\u00f5es morais do Imperativo Categ\u00f3rico de Kant, lembra-te do &#8216;porqu\u00ea&#8217;. Ou quando estiveres a discutir a Alegoria da Caverna de Plat\u00e3o, n\u00e3o [&hellip;]<\/p>\n<div class=\"likebtn_container\" style=\"\"><!-- LikeBtn.com BEGIN --><span class=\"likebtn-wrapper\"  data-identifier=\"post_372\"  data-lang=\"pt\"  data-style=\"\"  data-unlike_allowed=\"\"  data-show_copyright=\"\"  data-item_url=\"https:\/\/www.ginasiosdavinci.com\/blog\/2023\/06\/25\/27-de-junho-exame-de-filosofia\/\"  data-item_title=\"27 de junho, Exame de filosofia.\"  data-item_image=\"https:\/\/www.ginasiosdavinci.com\/blog\/wp-content\/uploads\/2023\/06\/26segunda-exames-1024x938.jpg\"  data-item_date=\"2023-06-25T21:55:42+00:00\"  data-engine=\"WordPress\"  data-plugin_v=\"2.6.48\"  data-event_handler=\"likebtn_eh\" ><\/span><!-- LikeBtn.com END --><\/div>","protected":false},"author":1,"featured_media":374,"comment_status":"open","ping_status":"open","sticky":false,"template":"","format":"standard","meta":{"footnotes":""},"categories":[14,24],"tags":[],"class_list":["post-372","post","type-post","status-publish","format-standard","has-post-thumbnail","hentry","category-educacao","category-exames"],"aioseo_notices":[],"jetpack_featured_media_url":"https:\/\/www.ginasiosdavinci.com\/blog\/wp-content\/uploads\/2023\/06\/26segunda-exames.jpg","_links":{"self":[{"href":"https:\/\/www.ginasiosdavinci.com\/blog\/wp-json\/wp\/v2\/posts\/372","targetHints":{"allow":["GET"]}}],"collection":[{"href":"https:\/\/www.ginasiosdavinci.com\/blog\/wp-json\/wp\/v2\/posts"}],"about":[{"href":"https:\/\/www.ginasiosdavinci.com\/blog\/wp-json\/wp\/v2\/types\/post"}],"author":[{"embeddable":true,"href":"https:\/\/www.ginasiosdavinci.com\/blog\/wp-json\/wp\/v2\/users\/1"}],"replies":[{"embeddable":true,"href":"https:\/\/www.ginasiosdavinci.com\/blog\/wp-json\/wp\/v2\/comments?post=372"}],"version-history":[{"count":2,"href":"https:\/\/www.ginasiosdavinci.com\/blog\/wp-json\/wp\/v2\/posts\/372\/revisions"}],"predecessor-version":[{"id":380,"href":"https:\/\/www.ginasiosdavinci.com\/blog\/wp-json\/wp\/v2\/posts\/372\/revisions\/380"}],"wp:featuredmedia":[{"embeddable":true,"href":"https:\/\/www.ginasiosdavinci.com\/blog\/wp-json\/wp\/v2\/media\/374"}],"wp:attachment":[{"href":"https:\/\/www.ginasiosdavinci.com\/blog\/wp-json\/wp\/v2\/media?parent=372"}],"wp:term":[{"taxonomy":"category","embeddable":true,"href":"https:\/\/www.ginasiosdavinci.com\/blog\/wp-json\/wp\/v2\/categories?post=372"},{"taxonomy":"post_tag","embeddable":true,"href":"https:\/\/www.ginasiosdavinci.com\/blog\/wp-json\/wp\/v2\/tags?post=372"}],"curies":[{"name":"wp","href":"https:\/\/api.w.org\/{rel}","templated":true}]}}