{"id":303,"date":"2023-06-17T23:42:21","date_gmt":"2023-06-17T23:42:21","guid":{"rendered":"https:\/\/www.ginasiosdavinci.com\/blog\/?p=303"},"modified":"2023-06-18T20:28:41","modified_gmt":"2023-06-18T20:28:41","slug":"%f0%9f%92%aa%e2%8f%b0-comeca-amanha-a-1a-fase-de-exames-nacionais-de-manha-portugues-a-tarde-italiano-e-mandarim","status":"publish","type":"post","link":"https:\/\/www.ginasiosdavinci.com\/blog\/2023\/06\/17\/%f0%9f%92%aa%e2%8f%b0-comeca-amanha-a-1a-fase-de-exames-nacionais-de-manha-portugues-a-tarde-italiano-e-mandarim\/","title":{"rendered":"19 de junho: Inicio da 1\u00aa fase de exames nacionais 2023. De manh\u00e3 Portugu\u00eas, \u00e0 tarde Italiano e Mandarim."},"content":{"rendered":"\n<figure class=\"wp-block-image size-large\"><img loading=\"lazy\" decoding=\"async\" width=\"1013\" height=\"1024\" src=\"https:\/\/www.ginasiosdavinci.com\/blog\/wp-content\/uploads\/2023\/06\/19JUN-2-1013x1024.jpg\" alt=\"\" class=\"wp-image-339\" srcset=\"https:\/\/www.ginasiosdavinci.com\/blog\/wp-content\/uploads\/2023\/06\/19JUN-2-1013x1024.jpg 1013w, https:\/\/www.ginasiosdavinci.com\/blog\/wp-content\/uploads\/2023\/06\/19JUN-2-297x300.jpg 297w, https:\/\/www.ginasiosdavinci.com\/blog\/wp-content\/uploads\/2023\/06\/19JUN-2-768x776.jpg 768w, https:\/\/www.ginasiosdavinci.com\/blog\/wp-content\/uploads\/2023\/06\/19JUN-2-1520x1536.jpg 1520w, https:\/\/www.ginasiosdavinci.com\/blog\/wp-content\/uploads\/2023\/06\/19JUN-2-100x100.jpg 100w, https:\/\/www.ginasiosdavinci.com\/blog\/wp-content\/uploads\/2023\/06\/19JUN-2-115x116.jpg 115w, https:\/\/www.ginasiosdavinci.com\/blog\/wp-content\/uploads\/2023\/06\/19JUN-2.jpg 1976w\" sizes=\"auto, (max-width: 1013px) 100vw, 1013px\" \/><\/figure>\n\n\n\n<p>Ser\u00e1 um dia cheio de desafios lingu\u00edsticos: \u00c0s 9:30, os mestres da l\u00edngua portuguesa do 12\u00ba ano v\u00e3o entrar em a\u00e7\u00e3o. Chegou a hora de demonstrarem todo o vosso dom\u00ednio da l\u00edngua de Cam\u00f5es e Pessoa.<\/p>\n\n\n\n<p>\u00c0s 14:00, \u00e9 a vez dos amantes da l\u00edngua italiana e do mandarim. \u00c9 a hora de mostrar o conhecimento da l\u00edngua de Leonardo Da Vinci e a hora de dominar os caracteres do mandarim. Voc\u00eas s\u00e3o capazes de superar qualquer desafio! \ud83c\udf1f\ud83d\udcaa Boa Sorte!<\/p>\n\n\n\n<p><\/p>\n\n\n\n<p><strong>Portugu\u00eas:<\/strong><\/p>\n\n\n\n<p><strong>Hora do Exame: <\/strong>Os exames ter\u00e3o in\u00edcio \u00e0s 9:30. \u00c9 aconselh\u00e1vel chegar com pelo menos 40 minutos de anteced\u00eancia para evitar imprevistos.<br><strong>Hora de Chamada:<\/strong> A chamada ser\u00e1 realizada 25 minutos antes do in\u00edcio do exame.<br><strong>Material Necess\u00e1rio:<\/strong> Levar pelo menos uma caneta azul ou preta para responder \u00e0s quest\u00f5es.<br><strong>Identifica\u00e7\u00e3o:<\/strong> N\u00e3o esquecer o cart\u00e3o de cidad\u00e3o para fins de identifica\u00e7\u00e3o.<br><strong>Dura\u00e7\u00e3o e Toler\u00e2ncia:<\/strong> Os exames ter\u00e3o dura\u00e7\u00e3o de 120 minutos, com uma toler\u00e2ncia de 30 minutos.<br><strong>Estrutura e pontua\u00e7\u00e3o:<\/strong> Ser\u00e3o apresentadas 10 perguntas obrigat\u00f3rias, totalizando 161 pontos, al\u00e9m de 5 quest\u00f5es, que contribuem para a classifica\u00e7\u00e3o final da prova as 3 cujas respostas obtenham melhor pontua\u00e7\u00e3o, totalizando estas 39 pontos.<\/p>\n\n\n\n<p><\/p>\n\n\n\n<p><strong>Italiano<\/strong><\/p>\n\n\n\n<p><strong>Hora do Exame: <\/strong>Os exames ter\u00e3o in\u00edcio \u00e0s 14:00. \u00c9 aconselh\u00e1vel chegar com pelo menos 40 minutos de anteced\u00eancia para evitar imprevistos.<br><strong>Hora de Chamada:<\/strong> A chamada ser\u00e1 realizada 25 minutos antes do in\u00edcio do exame.<br><strong>Material Necess\u00e1rio:<\/strong> Levar pelo menos uma caneta azul ou preta para responder \u00e0s quest\u00f5es.<br><strong>Identifica\u00e7\u00e3o:<\/strong> N\u00e3o esquecer o cart\u00e3o de cidad\u00e3o para fins de identifica\u00e7\u00e3o.<br><strong>Dura\u00e7\u00e3o e Toler\u00e2ncia:<\/strong> Os exames ter\u00e3o dura\u00e7\u00e3o de 120 minutos, com uma toler\u00e2ncia de 30 minutos.<br><strong>Estrutura e pontua\u00e7\u00e3o:<\/strong> Ser\u00e3o apresentadas 10 perguntas obrigat\u00f3rias e produ\u00e7\u00e3o e intera\u00e7\u00e3o oral, totalizando 152 pontos, al\u00e9m de 8 outras quest\u00f5es, que contribuem para a classifica\u00e7\u00e3o final da prova 6 cujas respostas obtenham melhor pontua\u00e7\u00e3o, que totalizam 48 pontos.<\/p>\n\n\n\n<p><strong>Mandarim<\/strong><\/p>\n\n\n\n<p><strong>Hora do Exame: <\/strong>Os exames ter\u00e3o in\u00edcio \u00e0s 14:00. \u00c9 aconselh\u00e1vel chegar com pelo menos 40 minutos de anteced\u00eancia para evitar imprevistos.<br><strong>Hora de Chamada:<\/strong> A chamada ser\u00e1 realizada 25 minutos antes do in\u00edcio do exame.<br><strong>Material Necess\u00e1rio:<\/strong> Levar pelo menos uma caneta azul ou preta para responder \u00e0s quest\u00f5es.<br><strong>Identifica\u00e7\u00e3o:<\/strong> N\u00e3o esquecer o cart\u00e3o de cidad\u00e3o para fins de identifica\u00e7\u00e3o.<br><strong>Dura\u00e7\u00e3o e Toler\u00e2ncia:<\/strong> Os exames ter\u00e3o dura\u00e7\u00e3o de 120 minutos, com uma toler\u00e2ncia de 30 minutos.<br><strong>Estrutura e pontua\u00e7\u00e3o:<\/strong> Ser\u00e3o apresentadas 10 perguntas obrigat\u00f3rias e produ\u00e7\u00e3o e intera\u00e7\u00e3o oral, totalizando 152 pontos, al\u00e9m de 8 outras quest\u00f5es, que contribuem para a classifica\u00e7\u00e3o final da prova 6 cujas respostas obtenham melhor pontua\u00e7\u00e3o, que totalizam 48 pontos.<\/p>\n\n\n\n<p><\/p>\n\n\n\n<p>Mant\u00e9m-te confiante, concentra-te e acredita de que est\u00e1s preparado. Boa sorte! \ud83c\udf40\ud83d\udc4d<\/p>\n\n\n\n<p>Este artigo foi produzido pelo site de refer\u00eancia em Portugal para exames nacionais, <a href=\"https:\/\/www.examesnacionais.com.pt\/\">https:\/\/www.examesnacionais.com.pt\/<\/a> <a href=\"https:\/\/www.examesnacionais.com.pt\/\"><\/a>Este portal um recurso valioso para todos os alunos que se encontram a preparar para os exames nacionais. Nele encontras uma variedade de materiais de estudo, dicas e conselhos \u00fateis. Encorajamos todos os alunos a visitar o site para obter mais informa\u00e7\u00f5es e recursos para ajudar na prepara\u00e7\u00e3o para os exames. Boa sorte a todos!<\/p>\n<div class=\"likebtn_container\" style=\"\"><!-- LikeBtn.com BEGIN --><span class=\"likebtn-wrapper\"  data-identifier=\"post_303\"  data-lang=\"pt\"  data-style=\"\"  data-unlike_allowed=\"\"  data-show_copyright=\"\"  data-item_url=\"https:\/\/www.ginasiosdavinci.com\/blog\/2023\/06\/17\/%f0%9f%92%aa%e2%8f%b0-comeca-amanha-a-1a-fase-de-exames-nacionais-de-manha-portugues-a-tarde-italiano-e-mandarim\/\"  data-item_title=\"19 de junho: Inicio da 1\u00aa fase de exames nacionais 2023. De manh\u00e3 Portugu\u00eas, \u00e0 tarde Italiano e Mandarim.\"  data-item_image=\"https:\/\/www.ginasiosdavinci.com\/blog\/wp-content\/uploads\/2023\/06\/19JUN-2-1013x1024.jpg\"  data-item_date=\"2023-06-17T23:42:21+00:00\"  data-engine=\"WordPress\"  data-plugin_v=\"2.6.48\"  data-event_handler=\"likebtn_eh\" ><\/span><!-- LikeBtn.com END --><\/div>","protected":false},"excerpt":{"rendered":"<p>Ser\u00e1 um dia cheio de desafios lingu\u00edsticos: \u00c0s 9:30, os mestres da l\u00edngua portuguesa do 12\u00ba ano v\u00e3o entrar em a\u00e7\u00e3o. Chegou a hora de demonstrarem todo o vosso dom\u00ednio da l\u00edngua de Cam\u00f5es e Pessoa. \u00c0s 14:00, \u00e9 a vez dos amantes da l\u00edngua italiana e do mandarim. \u00c9 a hora de mostrar o [&hellip;]<\/p>\n<div class=\"likebtn_container\" style=\"\"><!-- LikeBtn.com BEGIN --><span class=\"likebtn-wrapper\"  data-identifier=\"post_303\"  data-lang=\"pt\"  data-style=\"\"  data-unlike_allowed=\"\"  data-show_copyright=\"\"  data-item_url=\"https:\/\/www.ginasiosdavinci.com\/blog\/2023\/06\/17\/%f0%9f%92%aa%e2%8f%b0-comeca-amanha-a-1a-fase-de-exames-nacionais-de-manha-portugues-a-tarde-italiano-e-mandarim\/\"  data-item_title=\"19 de junho: Inicio da 1\u00aa fase de exames nacionais 2023. De manh\u00e3 Portugu\u00eas, \u00e0 tarde Italiano e Mandarim.\"  data-item_image=\"https:\/\/www.ginasiosdavinci.com\/blog\/wp-content\/uploads\/2023\/06\/19JUN-2-1013x1024.jpg\"  data-item_date=\"2023-06-17T23:42:21+00:00\"  data-engine=\"WordPress\"  data-plugin_v=\"2.6.48\"  data-event_handler=\"likebtn_eh\" ><\/span><!-- LikeBtn.com END --><\/div>","protected":false},"author":1,"featured_media":339,"comment_status":"open","ping_status":"open","sticky":false,"template":"","format":"standard","meta":{"footnotes":""},"categories":[14,24],"tags":[],"class_list":["post-303","post","type-post","status-publish","format-standard","has-post-thumbnail","hentry","category-educacao","category-exames"],"aioseo_notices":[],"jetpack_featured_media_url":"https:\/\/www.ginasiosdavinci.com\/blog\/wp-content\/uploads\/2023\/06\/19JUN-2.jpg","_links":{"self":[{"href":"https:\/\/www.ginasiosdavinci.com\/blog\/wp-json\/wp\/v2\/posts\/303","targetHints":{"allow":["GET"]}}],"collection":[{"href":"https:\/\/www.ginasiosdavinci.com\/blog\/wp-json\/wp\/v2\/posts"}],"about":[{"href":"https:\/\/www.ginasiosdavinci.com\/blog\/wp-json\/wp\/v2\/types\/post"}],"author":[{"embeddable":true,"href":"https:\/\/www.ginasiosdavinci.com\/blog\/wp-json\/wp\/v2\/users\/1"}],"replies":[{"embeddable":true,"href":"https:\/\/www.ginasiosdavinci.com\/blog\/wp-json\/wp\/v2\/comments?post=303"}],"version-history":[{"count":12,"href":"https:\/\/www.ginasiosdavinci.com\/blog\/wp-json\/wp\/v2\/posts\/303\/revisions"}],"predecessor-version":[{"id":360,"href":"https:\/\/www.ginasiosdavinci.com\/blog\/wp-json\/wp\/v2\/posts\/303\/revisions\/360"}],"wp:featuredmedia":[{"embeddable":true,"href":"https:\/\/www.ginasiosdavinci.com\/blog\/wp-json\/wp\/v2\/media\/339"}],"wp:attachment":[{"href":"https:\/\/www.ginasiosdavinci.com\/blog\/wp-json\/wp\/v2\/media?parent=303"}],"wp:term":[{"taxonomy":"category","embeddable":true,"href":"https:\/\/www.ginasiosdavinci.com\/blog\/wp-json\/wp\/v2\/categories?post=303"},{"taxonomy":"post_tag","embeddable":true,"href":"https:\/\/www.ginasiosdavinci.com\/blog\/wp-json\/wp\/v2\/tags?post=303"}],"curies":[{"name":"wp","href":"https:\/\/api.w.org\/{rel}","templated":true}]}}