{"id":296,"date":"2023-06-16T11:10:35","date_gmt":"2023-06-16T11:10:35","guid":{"rendered":"https:\/\/www.ginasiosdavinci.com\/blog\/?p=296"},"modified":"2023-06-16T11:48:55","modified_gmt":"2023-06-16T11:48:55","slug":"foi-apresentado-ranking-da-escolas-2022-desempenho-das-escolas-publicas-em-declinio","status":"publish","type":"post","link":"https:\/\/www.ginasiosdavinci.com\/blog\/2023\/06\/16\/foi-apresentado-ranking-da-escolas-2022-desempenho-das-escolas-publicas-em-declinio\/","title":{"rendered":"Foi apresentado Ranking da Escolas 2022. Desempenho das Escolas P\u00fablicas em Decl\u00ednio\u2026"},"content":{"rendered":"\n<figure class=\"wp-block-image size-full\"><img loading=\"lazy\" decoding=\"async\" width=\"900\" height=\"602\" src=\"https:\/\/www.ginasiosdavinci.com\/blog\/wp-content\/uploads\/2023\/06\/grande_colegio_universal-4.jpg\" alt=\"\" class=\"wp-image-297\" srcset=\"https:\/\/www.ginasiosdavinci.com\/blog\/wp-content\/uploads\/2023\/06\/grande_colegio_universal-4.jpg 900w, https:\/\/www.ginasiosdavinci.com\/blog\/wp-content\/uploads\/2023\/06\/grande_colegio_universal-4-300x201.jpg 300w, https:\/\/www.ginasiosdavinci.com\/blog\/wp-content\/uploads\/2023\/06\/grande_colegio_universal-4-768x514.jpg 768w, https:\/\/www.ginasiosdavinci.com\/blog\/wp-content\/uploads\/2023\/06\/grande_colegio_universal-4-173x116.jpg 173w\" sizes=\"auto, (max-width: 900px) 100vw, 900px\" \/><\/figure>\n\n\n\n<p>De acordo com Ranking das Escolas apresentado hoje, as escolas p\u00fablicas est\u00e3o a enfrentar um decl\u00ednio severo no desempenho acad\u00e9mico face ao desempenho das escolas e col\u00e9gios privados.<\/p>\n\n\n\n<p>O privado e o norte dominam os primeiros lugares do ranking. O grande vencedor deste ano \u00e9 o Grande Col\u00e9gio Universal no Porto (m\u00e9dia 16,36), seguido do Col\u00e9gio Efanor em Matosinhos (m\u00e9dia 16,20) e do Col\u00e9gio D. Diogo de Sousa em Braga (m\u00e9dia 16,18). Neste ranking, percebe-se facilmente que o privado e o norte t\u00eam os melhores resultados. \u00a0<\/p>\n\n\n\n<p>No top10 n\u00e3o aparece nenhuma escola publica. A primeira escola publica do ranking \u00e9 uma escola de artes m\u00fasica a Escola Art\u00edstica do Conservat\u00f3rio de M\u00fasica Calouste Gulbenkian em Braga. A primeira escola publica de ensino geral s\u00f3 aparece em 46\u00ba lugar, que \u00e9 a Escola Secund\u00e1ria de Vouzela, uma vila da Beira Alta, com m\u00e9dia de 13,37 valores nos 130 exames realizados em 2022. &nbsp;&nbsp;&nbsp;&nbsp;<\/p>\n\n\n\n<p>No entanto, mesmo a m\u00e9dia de Vouzela foi inferior \u00e0 do ano anterior, quando a Escola Art\u00edstica Ant\u00f3nio Arroio, em Lisboa, liderou com uma m\u00e9dia de 13,58 valores.<\/p>\n\n\n\n<p>No final do ranking, nove das dez escolas s\u00e3o p\u00fablicas. A maioria das dez escolas com pior classifica\u00e7\u00e3o est\u00e3o localizadas na \u00e1rea metropolitana de Lisboa, com exce\u00e7\u00f5es em Coimbra e nos A\u00e7ores.<\/p>\n\n\n\n<p>Por distrito, o Porto lidera com as melhores m\u00e9dias (12 valores), seguido de Viana do Castelo (11,8 valores), Braga (11,75 valores), Viseu (11,73 valores) e Coimbra (11,6 valores). Lisboa, que tem o maior n\u00famero de alunos e realizou quase 50 mil exames, subiu tr\u00eas lugares para o 7\u00ba lugar, com uma m\u00e9dia de 11,5 valores.<\/p>\n\n\n\n<p>Os alunos que realizaram as provas no estrangeiro obtiveram as m\u00e9dias mais baixas (9,9 valores). No entanto, houve uma melhoria not\u00e1vel nos A\u00e7ores, que normalmente tem a pior m\u00e9dia nacional, mas este ano superou Portalegre (10,8), Set\u00fabal (10,7) e Beja (10,7) com uma m\u00e9dia de 10,9 valores.<\/p>\n\n\n\n<p>Estes resultados sublinham a necessidade de se dar mais aten\u00e7\u00e3o \u00e0 qualidade da educa\u00e7\u00e3o nas escolas p\u00fablicas e de se implementar pol\u00edticas que garantam a igualdade de oportunidades para todos os alunos, independentemente da escola que frequentam.<\/p>\n\n\n\n<p>Pode verificar o ranking completo, ou saber a classifica\u00e7\u00e3o da sua escola ou das escolas do seu concelho no Jornal Publico: <a href=\"https:\/\/www.publico.pt\/rankings-escolas-2022\/lugar-sua-escola\">https:\/\/www.publico.pt\/rankings-escolas-2022\/lugar-sua-escola<\/a> (Fonte)<\/p>\n<div class=\"likebtn_container\" style=\"\"><!-- LikeBtn.com BEGIN --><span class=\"likebtn-wrapper\"  data-identifier=\"post_296\"  data-lang=\"pt\"  data-style=\"\"  data-unlike_allowed=\"\"  data-show_copyright=\"\"  data-item_url=\"https:\/\/www.ginasiosdavinci.com\/blog\/2023\/06\/16\/foi-apresentado-ranking-da-escolas-2022-desempenho-das-escolas-publicas-em-declinio\/\"  data-item_title=\"Foi apresentado Ranking da Escolas 2022. Desempenho das Escolas P\u00fablicas em Decl\u00ednio\u2026\"  data-item_image=\"https:\/\/www.ginasiosdavinci.com\/blog\/wp-content\/uploads\/2023\/06\/grande_colegio_universal-4.jpg\"  data-item_date=\"2023-06-16T11:10:35+00:00\"  data-engine=\"WordPress\"  data-plugin_v=\"2.6.48\"  data-event_handler=\"likebtn_eh\" ><\/span><!-- LikeBtn.com END --><\/div>","protected":false},"excerpt":{"rendered":"<p>De acordo com Ranking das Escolas apresentado hoje, as escolas p\u00fablicas est\u00e3o a enfrentar um decl\u00ednio severo no desempenho acad\u00e9mico face ao desempenho das escolas e col\u00e9gios privados. O privado e o norte dominam os primeiros lugares do ranking. O grande vencedor deste ano \u00e9 o Grande Col\u00e9gio Universal no Porto (m\u00e9dia 16,36), seguido do [&hellip;]<\/p>\n<div class=\"likebtn_container\" style=\"\"><!-- LikeBtn.com BEGIN --><span class=\"likebtn-wrapper\"  data-identifier=\"post_296\"  data-lang=\"pt\"  data-style=\"\"  data-unlike_allowed=\"\"  data-show_copyright=\"\"  data-item_url=\"https:\/\/www.ginasiosdavinci.com\/blog\/2023\/06\/16\/foi-apresentado-ranking-da-escolas-2022-desempenho-das-escolas-publicas-em-declinio\/\"  data-item_title=\"Foi apresentado Ranking da Escolas 2022. Desempenho das Escolas P\u00fablicas em Decl\u00ednio\u2026\"  data-item_image=\"https:\/\/www.ginasiosdavinci.com\/blog\/wp-content\/uploads\/2023\/06\/grande_colegio_universal-4.jpg\"  data-item_date=\"2023-06-16T11:10:35+00:00\"  data-engine=\"WordPress\"  data-plugin_v=\"2.6.48\"  data-event_handler=\"likebtn_eh\" ><\/span><!-- LikeBtn.com END --><\/div>","protected":false},"author":1,"featured_media":297,"comment_status":"open","ping_status":"open","sticky":false,"template":"","format":"standard","meta":{"footnotes":""},"categories":[14,17],"tags":[],"class_list":["post-296","post","type-post","status-publish","format-standard","has-post-thumbnail","hentry","category-educacao","category-noticias"],"aioseo_notices":[],"jetpack_featured_media_url":"https:\/\/www.ginasiosdavinci.com\/blog\/wp-content\/uploads\/2023\/06\/grande_colegio_universal-4.jpg","_links":{"self":[{"href":"https:\/\/www.ginasiosdavinci.com\/blog\/wp-json\/wp\/v2\/posts\/296","targetHints":{"allow":["GET"]}}],"collection":[{"href":"https:\/\/www.ginasiosdavinci.com\/blog\/wp-json\/wp\/v2\/posts"}],"about":[{"href":"https:\/\/www.ginasiosdavinci.com\/blog\/wp-json\/wp\/v2\/types\/post"}],"author":[{"embeddable":true,"href":"https:\/\/www.ginasiosdavinci.com\/blog\/wp-json\/wp\/v2\/users\/1"}],"replies":[{"embeddable":true,"href":"https:\/\/www.ginasiosdavinci.com\/blog\/wp-json\/wp\/v2\/comments?post=296"}],"version-history":[{"count":2,"href":"https:\/\/www.ginasiosdavinci.com\/blog\/wp-json\/wp\/v2\/posts\/296\/revisions"}],"predecessor-version":[{"id":301,"href":"https:\/\/www.ginasiosdavinci.com\/blog\/wp-json\/wp\/v2\/posts\/296\/revisions\/301"}],"wp:featuredmedia":[{"embeddable":true,"href":"https:\/\/www.ginasiosdavinci.com\/blog\/wp-json\/wp\/v2\/media\/297"}],"wp:attachment":[{"href":"https:\/\/www.ginasiosdavinci.com\/blog\/wp-json\/wp\/v2\/media?parent=296"}],"wp:term":[{"taxonomy":"category","embeddable":true,"href":"https:\/\/www.ginasiosdavinci.com\/blog\/wp-json\/wp\/v2\/categories?post=296"},{"taxonomy":"post_tag","embeddable":true,"href":"https:\/\/www.ginasiosdavinci.com\/blog\/wp-json\/wp\/v2\/tags?post=296"}],"curies":[{"name":"wp","href":"https:\/\/api.w.org\/{rel}","templated":true}]}}