{"id":217,"date":"2023-05-21T08:21:45","date_gmt":"2023-05-21T08:21:45","guid":{"rendered":"https:\/\/www.ginasiosdavinci.com\/blog\/?p=217"},"modified":"2023-05-21T09:06:21","modified_gmt":"2023-05-21T09:06:21","slug":"professora-do-bombarral-ana-moniz-vence-global-teacher-prize-portugal-premiando-o-trabalho-que-vem-realizando-com-alunos-autistas","status":"publish","type":"post","link":"https:\/\/www.ginasiosdavinci.com\/blog\/2023\/05\/21\/professora-do-bombarral-ana-moniz-vence-global-teacher-prize-portugal-premiando-o-trabalho-que-vem-realizando-com-alunos-autistas\/","title":{"rendered":"Professora do Bombarral, Ana Moniz, vence Global Teacher Prize Portugal, premiando o trabalho que vem realizando com alunos autistas."},"content":{"rendered":"\n<p><\/p>\n\n\n\n<figure class=\"wp-block-image size-full\"><img loading=\"lazy\" decoding=\"async\" width=\"960\" height=\"960\" src=\"https:\/\/www.ginasiosdavinci.com\/blog\/wp-content\/uploads\/2023\/05\/professora.jpg\" alt=\"\" class=\"wp-image-218\" srcset=\"https:\/\/www.ginasiosdavinci.com\/blog\/wp-content\/uploads\/2023\/05\/professora.jpg 960w, https:\/\/www.ginasiosdavinci.com\/blog\/wp-content\/uploads\/2023\/05\/professora-300x300.jpg 300w, https:\/\/www.ginasiosdavinci.com\/blog\/wp-content\/uploads\/2023\/05\/professora-150x150.jpg 150w, https:\/\/www.ginasiosdavinci.com\/blog\/wp-content\/uploads\/2023\/05\/professora-768x768.jpg 768w, https:\/\/www.ginasiosdavinci.com\/blog\/wp-content\/uploads\/2023\/05\/professora-100x100.jpg 100w, https:\/\/www.ginasiosdavinci.com\/blog\/wp-content\/uploads\/2023\/05\/professora-116x116.jpg 116w\" sizes=\"auto, (max-width: 960px) 100vw, 960px\" \/><\/figure>\n\n\n\n<p>A professora Ana Moniz, dedicada ao trabalho com alunos autistas no Bombarral, foi a grande vencedora da edi\u00e7\u00e3o 2023 do Global Teacher Prize Portugal. Este reconhecimento foi anunciado pelo presidente honor\u00e1rio do j\u00fari, o pediatra M\u00e1rio Cordeiro.<\/p>\n\n\n\n<p>O <a href=\"https:\/\/globalteacherprize.org\/\" title=\"Global Teacher Prize\">Global Teacher Prize<\/a>, uma esp\u00e9cie de \u201cNobel\u201d da educa\u00e7\u00e3o, presente em mais de 120 pa\u00edses, \u00e9 uma iniciativa da Varkey Foundation, que tem como objetivo destacar e honrar o extraordin\u00e1rio trabalho dos professores ao redor do mundo. A vers\u00e3o portuguesa do pr\u00e9mio, promovida pela organiza\u00e7\u00e3o Mentes Empreendedoras, mant\u00e9m o mesmo prop\u00f3sito, e destaca o desempenho not\u00e1vel de docentes em territ\u00f3rio nacional, atribuindo um pr\u00e9mio no valor de 30 mil euros.<\/p>\n\n\n\n<p>Ana Moniz, professora de educa\u00e7\u00e3o especial no Agrupamento de Escolas Fern\u00e3o do P\u00f3, tem sob sua responsabilidade aproximadamente 126 alunos, do pr\u00e9-escolar ao 12\u00ba ano. Ela se destaca especialmente no trabalho com alunos autistas que frequentam o centro de apoio \u00e0 aprendizagem.<\/p>\n\n\n\n<p>No seu percurso, a docente tem contribu\u00eddo para a dinamiza\u00e7\u00e3o de &#8220;t\u00e9cnicas multissensoriais&#8221; e para a &#8220;cria\u00e7\u00e3o de espa\u00e7os de aprendizagem ativos e diferenciadores&#8221;. Como parte deste esfor\u00e7o, criou uma quinta pedag\u00f3gica onde os jovens aprendem a ser aut\u00f3nomos, atrav\u00e9s do contacto com a natureza.<\/p>\n\n\n\n<p>Na cerim\u00f3nia de entrega do pr\u00e9mio em Lisboa, Ana Moniz, ao receber a distin\u00e7\u00e3o, enfatizou o seu empenho para que os seus &#8220;meninos sejam cidad\u00e3os de pleno direito, sejam respeitados e respeitadores, auto-suficientes e empreendedores&#8221;.<\/p>\n\n\n\n<p>A professora \u00e9 tamb\u00e9m autora do projeto \u201cLer Lazer e Aprender\u201d e desenvolve a a\u00e7\u00e3o \u201cAprender a ser Fazendo\u201d na quinta pedag\u00f3gica Bambilocas, com o objetivo de desenvolver a autonomia dos alunos na realiza\u00e7\u00e3o de atividades da vida di\u00e1ria atrav\u00e9s do contacto com a natureza.<\/p>\n\n\n\n<p>A vit\u00f3ria de Ana Moniz \u00e9 um testemunho da paix\u00e3o, empenho e inova\u00e7\u00e3o que caracterizam a sua abordagem ao ensino, e \u00e9 um exemplo inspirador para todos os educadores.<\/p>\n\n\n\n<p>Conhe\u00e7a<a href=\"https:\/\/www.mentesempreendedoras.com\/global-teacher-prize-portugal-nova\/\" target=\"_blank\" rel=\"noopener\" title=\"global teacher vencedores\"> aqui<\/a> os vencedores dos outros anos.<\/p>\n\n\n\n<p>Professora do Bombarral, Ana Moniz, vence o \u201cGlobal Teacher Prize Portugal\u201d, premiando o trabalho que vem realizando com alunos autistas. O Global Teacher Prize, frequentemente comparado ao &#8220;Nobel&#8221; da Educa\u00e7\u00e3o, \u00e9 um reconhecimento internacional que homenageia o &#8220;melhor professor do mundo&#8221; com uma distin\u00e7\u00e3o e um pr\u00e9mio avultado de 1 milh\u00e3o de Euros. No mesmo esp\u00edrito de valoriza\u00e7\u00e3o da excel\u00eancia educativa, existe o Global Teacher Prize Portugal, a vers\u00e3o nacional do pr\u00e9mio. Este galard\u00e3o, premeia o m\u00e9rito de um Professor de Portugal, ao qual \u00e9 atribuido um pr\u00e9mio monet\u00e1rio de 30 mil euros.<\/p>\n\n\n\n<p><a href=\"https:\/\/www.ginasiosdavinci.com\" title=\"Gin\u00e1sios da Educa\u00e7\u00e3o Da Vinci\">Gin\u00e1sios da Educa\u00e7\u00e3o Da Vinci<\/a> felicitam a Professora Ana Moniz por esta distin\u00e7\u00e3o. O seu trabalho inspirador e a sua dedica\u00e7\u00e3o incans\u00e1vel s\u00e3o um exemplo para todos n\u00f3s no campo da educa\u00e7\u00e3o. Parab\u00e9ns, Professora Ana! <\/p>\n\n\n\n<p>Fonte: <a href=\"https:\/\/www.facebook.com\/globalteacherprizeportugal?__tn__=-%5dK*F\">Global Teacher Prize Portugal<\/a><\/p>\n<div class=\"likebtn_container\" style=\"\"><!-- LikeBtn.com BEGIN --><span class=\"likebtn-wrapper\"  data-identifier=\"post_217\"  data-lang=\"pt\"  data-style=\"\"  data-unlike_allowed=\"\"  data-show_copyright=\"\"  data-item_url=\"https:\/\/www.ginasiosdavinci.com\/blog\/2023\/05\/21\/professora-do-bombarral-ana-moniz-vence-global-teacher-prize-portugal-premiando-o-trabalho-que-vem-realizando-com-alunos-autistas\/\"  data-item_title=\"Professora do Bombarral, Ana Moniz, vence Global Teacher Prize Portugal, premiando o trabalho que vem realizando com alunos autistas.\"  data-item_image=\"https:\/\/www.ginasiosdavinci.com\/blog\/wp-content\/uploads\/2023\/05\/professora1-1.png\"  data-item_date=\"2023-05-21T08:21:45+00:00\"  data-engine=\"WordPress\"  data-plugin_v=\"2.6.48\"  data-event_handler=\"likebtn_eh\" ><\/span><!-- LikeBtn.com END --><\/div>","protected":false},"excerpt":{"rendered":"<p>A professora Ana Moniz, dedicada ao trabalho com alunos autistas no Bombarral, foi a grande vencedora da edi\u00e7\u00e3o 2023 do Global Teacher Prize Portugal. Este reconhecimento foi anunciado pelo presidente honor\u00e1rio do j\u00fari, o pediatra M\u00e1rio Cordeiro. O Global Teacher Prize, uma esp\u00e9cie de \u201cNobel\u201d da educa\u00e7\u00e3o, presente em mais de 120 pa\u00edses, \u00e9 uma [&hellip;]<\/p>\n<div class=\"likebtn_container\" style=\"\"><!-- LikeBtn.com BEGIN --><span class=\"likebtn-wrapper\"  data-identifier=\"post_217\"  data-lang=\"pt\"  data-style=\"\"  data-unlike_allowed=\"\"  data-show_copyright=\"\"  data-item_url=\"https:\/\/www.ginasiosdavinci.com\/blog\/2023\/05\/21\/professora-do-bombarral-ana-moniz-vence-global-teacher-prize-portugal-premiando-o-trabalho-que-vem-realizando-com-alunos-autistas\/\"  data-item_title=\"Professora do Bombarral, Ana Moniz, vence Global Teacher Prize Portugal, premiando o trabalho que vem realizando com alunos autistas.\"  data-item_image=\"https:\/\/www.ginasiosdavinci.com\/blog\/wp-content\/uploads\/2023\/05\/professora1-1.png\"  data-item_date=\"2023-05-21T08:21:45+00:00\"  data-engine=\"WordPress\"  data-plugin_v=\"2.6.48\"  data-event_handler=\"likebtn_eh\" ><\/span><!-- LikeBtn.com END --><\/div>","protected":false},"author":1,"featured_media":221,"comment_status":"open","ping_status":"open","sticky":false,"template":"","format":"standard","meta":{"footnotes":""},"categories":[14,17],"tags":[],"class_list":["post-217","post","type-post","status-publish","format-standard","has-post-thumbnail","hentry","category-educacao","category-noticias"],"aioseo_notices":[],"jetpack_featured_media_url":"https:\/\/www.ginasiosdavinci.com\/blog\/wp-content\/uploads\/2023\/05\/professora1-1.png","_links":{"self":[{"href":"https:\/\/www.ginasiosdavinci.com\/blog\/wp-json\/wp\/v2\/posts\/217","targetHints":{"allow":["GET"]}}],"collection":[{"href":"https:\/\/www.ginasiosdavinci.com\/blog\/wp-json\/wp\/v2\/posts"}],"about":[{"href":"https:\/\/www.ginasiosdavinci.com\/blog\/wp-json\/wp\/v2\/types\/post"}],"author":[{"embeddable":true,"href":"https:\/\/www.ginasiosdavinci.com\/blog\/wp-json\/wp\/v2\/users\/1"}],"replies":[{"embeddable":true,"href":"https:\/\/www.ginasiosdavinci.com\/blog\/wp-json\/wp\/v2\/comments?post=217"}],"version-history":[{"count":3,"href":"https:\/\/www.ginasiosdavinci.com\/blog\/wp-json\/wp\/v2\/posts\/217\/revisions"}],"predecessor-version":[{"id":225,"href":"https:\/\/www.ginasiosdavinci.com\/blog\/wp-json\/wp\/v2\/posts\/217\/revisions\/225"}],"wp:featuredmedia":[{"embeddable":true,"href":"https:\/\/www.ginasiosdavinci.com\/blog\/wp-json\/wp\/v2\/media\/221"}],"wp:attachment":[{"href":"https:\/\/www.ginasiosdavinci.com\/blog\/wp-json\/wp\/v2\/media?parent=217"}],"wp:term":[{"taxonomy":"category","embeddable":true,"href":"https:\/\/www.ginasiosdavinci.com\/blog\/wp-json\/wp\/v2\/categories?post=217"},{"taxonomy":"post_tag","embeddable":true,"href":"https:\/\/www.ginasiosdavinci.com\/blog\/wp-json\/wp\/v2\/tags?post=217"}],"curies":[{"name":"wp","href":"https:\/\/api.w.org\/{rel}","templated":true}]}}