{"id":139,"date":"2023-05-01T17:16:53","date_gmt":"2023-05-01T17:16:53","guid":{"rendered":"https:\/\/www.ginasiosdavinci.com\/blog\/?p=139"},"modified":"2023-05-15T13:46:03","modified_gmt":"2023-05-15T13:46:03","slug":"uma-viagem-por-portugal-pelo-clima-pode-te-levar-a-cop28-no-dubai-ha-iniciativas-que-devem-ser-partilhadas","status":"publish","type":"post","link":"https:\/\/www.ginasiosdavinci.com\/blog\/2023\/05\/01\/uma-viagem-por-portugal-pelo-clima-pode-te-levar-a-cop28-no-dubai-ha-iniciativas-que-devem-ser-partilhadas\/","title":{"rendered":"Uma viagem por Portugal pelo clima pode-te levar \u00e0 COP28 NO Dubai."},"content":{"rendered":"\n<p><\/p>\n\n\n\n<figure class=\"wp-block-image size-large\"><img loading=\"lazy\" decoding=\"async\" width=\"1009\" height=\"1024\" src=\"https:\/\/www.ginasiosdavinci.com\/blog\/wp-content\/uploads\/2023\/05\/DESAFIO-CLIMARICO-SUSTENTAVEL-COP28-1009x1024.jpg\" alt=\"\" class=\"wp-image-140\" srcset=\"https:\/\/www.ginasiosdavinci.com\/blog\/wp-content\/uploads\/2023\/05\/DESAFIO-CLIMARICO-SUSTENTAVEL-COP28-1009x1024.jpg 1009w, https:\/\/www.ginasiosdavinci.com\/blog\/wp-content\/uploads\/2023\/05\/DESAFIO-CLIMARICO-SUSTENTAVEL-COP28-296x300.jpg 296w, https:\/\/www.ginasiosdavinci.com\/blog\/wp-content\/uploads\/2023\/05\/DESAFIO-CLIMARICO-SUSTENTAVEL-COP28-768x780.jpg 768w, https:\/\/www.ginasiosdavinci.com\/blog\/wp-content\/uploads\/2023\/05\/DESAFIO-CLIMARICO-SUSTENTAVEL-COP28-100x100.jpg 100w, https:\/\/www.ginasiosdavinci.com\/blog\/wp-content\/uploads\/2023\/05\/DESAFIO-CLIMARICO-SUSTENTAVEL-COP28-114x116.jpg 114w, https:\/\/www.ginasiosdavinci.com\/blog\/wp-content\/uploads\/2023\/05\/DESAFIO-CLIMARICO-SUSTENTAVEL-COP28.jpg 1064w\" sizes=\"auto, (max-width: 1009px) 100vw, 1009px\" \/><\/figure>\n\n\n\n<p>Uma viagem por Portugal pelo clima pode-te levar \u00e0 COP28 NO Dubai.<\/p>\n\n\n\n<p>A <a><\/a>\u201cViagem pelo Clima\u201c \u00e9 uma competi\u00e7\u00e3o promovida pela Get2C, em parceria com a C\u00e2mara Municipal de Cascais e o Fundo Ambiental, que visa sensibilizar a sociedade portuguesa para a urg\u00eancia da transi\u00e7\u00e3o clim\u00e1tica. Durante 10 dias, tr\u00eas equipas de quatro membros percorrer\u00e3o Portugal de forma sustent\u00e1vel, representando as regi\u00f5es Norte, Centro e Sul. A competi\u00e7\u00e3o utiliza uma moeda fict\u00edcia chamada \u201cClima\u201c e a equipa vencedora, que gastar menos \u201cClimas\u201c, participar\u00e1 na COP28 no Dubai. As inscri\u00e7\u00f5es est\u00e3o abertas at\u00e9 23 de abril no site <a href=\"http:\/\/www.viagempeloclima.pt\/?fbclid=IwAR0q4qU3jpKIkHYZKOmmufR8HNxJwMJQn3rzMgYA-fk3Qk_Sh7Lw0dzomm0\" rel=\"noreferrer noopener\" target=\"_blank\">www.viagempeloclima.pt.<\/a><\/p>\n\n\n\n<p>Durante a competi\u00e7\u00e3o, as equipas t\u00eam que gerir um or\u00e7amento em \u201cClimas\u201c, procurando gastar o m\u00ednimo poss\u00edvel. Enfrentar\u00e3o desafios para envolver a popula\u00e7\u00e3o e recuperar \u201cClimas\u201c.<\/p>\n\n\n\n<p>A equipa vencedora, com o percurso mais sustent\u00e1vel e menos \u201cClimas\u201c gastos, ganhar\u00e1 uma viagem ao Dubai em dezembro de 2023, para participar na COP 28, a confer\u00eancia das Na\u00e7\u00f5es Unidas sobre Altera\u00e7\u00f5es Clim\u00e1ticas.<\/p>\n\n\n\n<p>Se n\u00e3o tens mais de 18 anos, pelo que n\u00e3o podes participar, mas divulga e partilha esta iniciativa, pois a causa \u00e9 extremamente importante, merece ser conhecida por todos.<\/p>\n\n\n\n<p>ATEN\u00c7\u00c3O: AS INSCRI\u00c7\u00d5ES TERMINAM NO DOMINGO, DIA 23. INSCREVE-TE J\u00c1 <img loading=\"lazy\" decoding=\"async\" alt=\"\ud83d\udc47\" src=\"https:\/\/static.xx.fbcdn.net\/images\/emoji.php\/v9\/t4f\/1\/16\/1f447.png\" width=\"16\" height=\"16\"><img loading=\"lazy\" decoding=\"async\" alt=\"\ud83d\udc47\" src=\"https:\/\/static.xx.fbcdn.net\/images\/emoji.php\/v9\/t4f\/1\/16\/1f447.png\" width=\"16\" height=\"16\"><\/p>\n\n\n\n<p><a href=\"https:\/\/l.facebook.com\/l.php?u=http%3A%2F%2Fwww.viagempeloclima.pt%2F%3Ffbclid%3DIwAR3fGwTcEC0uBT64Acq6pYrV16CcJsJVhysEKGlDrUdAChTh5HG3kpicU7Q&amp;h=AT0gA5OaqKDys09oV8gOJRWBVdCJc7Wub3hXXQezdE5Aa1b2HthwAMDNono6D_Vc7tCr1_bRigkKOlQXeaWJCqrbJE7rwP2ru5zHsvCcw707ubgcfPmpnCbEN1HTAqjy2JHbfH4Do-lXG-etzpit&amp;__tn__=-UK-R&amp;c[0]=AT3dcIL23jU2QCVaWi4Lfe9QRsJ4GehfcQDbjQp3OBdDiZ8CaI4xsA-4M8duPYL2DxhhK8jXs3D1DQzMeZ3tFrJcJ0JyG607Uqen5qlb1_qGxOVDPCaPrvGemxrM7NBJdeUtI9W4CQL0ziOP2ffgoUNvuZo5fcnAT_uFYPX-dfHvTmdVe3pHvC0bS_t_Zrt7RxPUysY2Iwkf\" rel=\"noreferrer noopener\" target=\"_blank\">www.viagempeloclima.pt.<\/a><\/p>\n\n\n\n<p><a href=\"https:\/\/www.facebook.com\/hashtag\/cop28?__eep__=6&amp;__cft__[0]=AZXh7vQedzvZAgRxu1VL3x516gn1D6Ezw9P80um38ur33dQAGVhlKAtrC-B3nYYHs4DITzKqFmmsGio3nCVDDcLUnlESA1d9Pl2au8cOeZYslD6dZYO87gpf1sjES1JeL6BIA5t6rrUNO6zCKRkIopwoGLdf-ALiYQA_JS5nv6eK60OF6-RhLwYmKLWZnh1_zNw&amp;__tn__=*NK-R\">#COP28<\/a><a href=\"https:\/\/www.facebook.com\/hashtag\/sustentabilidade?__eep__=6&amp;__cft__[0]=AZXh7vQedzvZAgRxu1VL3x516gn1D6Ezw9P80um38ur33dQAGVhlKAtrC-B3nYYHs4DITzKqFmmsGio3nCVDDcLUnlESA1d9Pl2au8cOeZYslD6dZYO87gpf1sjES1JeL6BIA5t6rrUNO6zCKRkIopwoGLdf-ALiYQA_JS5nv6eK60OF6-RhLwYmKLWZnh1_zNw&amp;__tn__=*NK-R\">#sustentabilidade<\/a><a href=\"https:\/\/www.facebook.com\/hashtag\/sustentavel?__eep__=6&amp;__cft__[0]=AZXh7vQedzvZAgRxu1VL3x516gn1D6Ezw9P80um38ur33dQAGVhlKAtrC-B3nYYHs4DITzKqFmmsGio3nCVDDcLUnlESA1d9Pl2au8cOeZYslD6dZYO87gpf1sjES1JeL6BIA5t6rrUNO6zCKRkIopwoGLdf-ALiYQA_JS5nv6eK60OF6-RhLwYmKLWZnh1_zNw&amp;__tn__=*NK-R\">#SUSTENTAVEL<\/a><a href=\"https:\/\/www.facebook.com\/hashtag\/ambiente?__eep__=6&amp;__cft__[0]=AZXh7vQedzvZAgRxu1VL3x516gn1D6Ezw9P80um38ur33dQAGVhlKAtrC-B3nYYHs4DITzKqFmmsGio3nCVDDcLUnlESA1d9Pl2au8cOeZYslD6dZYO87gpf1sjES1JeL6BIA5t6rrUNO6zCKRkIopwoGLdf-ALiYQA_JS5nv6eK60OF6-RhLwYmKLWZnh1_zNw&amp;__tn__=*NK-R\">#AMBIENTE<\/a><\/p>\n<div class=\"likebtn_container\" style=\"\"><!-- LikeBtn.com BEGIN --><span class=\"likebtn-wrapper\"  data-identifier=\"post_139\"  data-lang=\"pt\"  data-style=\"\"  data-unlike_allowed=\"\"  data-show_copyright=\"\"  data-item_url=\"https:\/\/www.ginasiosdavinci.com\/blog\/2023\/05\/01\/uma-viagem-por-portugal-pelo-clima-pode-te-levar-a-cop28-no-dubai-ha-iniciativas-que-devem-ser-partilhadas\/\"  data-item_title=\"Uma viagem por Portugal pelo clima pode-te levar \u00e0 COP28 NO Dubai.\"  data-item_image=\"https:\/\/www.ginasiosdavinci.com\/blog\/wp-content\/uploads\/2023\/05\/sustentabilidade-1024x683.jpeg\"  data-item_date=\"2023-05-01T17:16:53+00:00\"  data-engine=\"WordPress\"  data-plugin_v=\"2.6.48\"  data-event_handler=\"likebtn_eh\" ><\/span><!-- LikeBtn.com END --><\/div>","protected":false},"excerpt":{"rendered":"<p>Uma viagem por Portugal pelo clima pode-te levar \u00e0 COP28 NO Dubai. A \u201cViagem pelo Clima\u201c \u00e9 uma competi\u00e7\u00e3o promovida pela Get2C, em parceria com a C\u00e2mara Municipal de Cascais e o Fundo Ambiental, que visa sensibilizar a sociedade portuguesa para a urg\u00eancia da transi\u00e7\u00e3o clim\u00e1tica. Durante 10 dias, tr\u00eas equipas de quatro membros percorrer\u00e3o [&hellip;]<\/p>\n<div class=\"likebtn_container\" style=\"\"><!-- LikeBtn.com BEGIN --><span class=\"likebtn-wrapper\"  data-identifier=\"post_139\"  data-lang=\"pt\"  data-style=\"\"  data-unlike_allowed=\"\"  data-show_copyright=\"\"  data-item_url=\"https:\/\/www.ginasiosdavinci.com\/blog\/2023\/05\/01\/uma-viagem-por-portugal-pelo-clima-pode-te-levar-a-cop28-no-dubai-ha-iniciativas-que-devem-ser-partilhadas\/\"  data-item_title=\"Uma viagem por Portugal pelo clima pode-te levar \u00e0 COP28 NO Dubai.\"  data-item_image=\"https:\/\/www.ginasiosdavinci.com\/blog\/wp-content\/uploads\/2023\/05\/sustentabilidade-1024x683.jpeg\"  data-item_date=\"2023-05-01T17:16:53+00:00\"  data-engine=\"WordPress\"  data-plugin_v=\"2.6.48\"  data-event_handler=\"likebtn_eh\" ><\/span><!-- LikeBtn.com END --><\/div>","protected":false},"author":1,"featured_media":163,"comment_status":"open","ping_status":"open","sticky":false,"template":"","format":"standard","meta":{"footnotes":""},"categories":[13,17,1],"tags":[],"class_list":["post-139","post","type-post","status-publish","format-standard","has-post-thumbnail","hentry","category-ambiente","category-noticias","category-uncategorized"],"aioseo_notices":[],"jetpack_featured_media_url":"https:\/\/www.ginasiosdavinci.com\/blog\/wp-content\/uploads\/2023\/05\/sustentabilidade.jpeg","_links":{"self":[{"href":"https:\/\/www.ginasiosdavinci.com\/blog\/wp-json\/wp\/v2\/posts\/139","targetHints":{"allow":["GET"]}}],"collection":[{"href":"https:\/\/www.ginasiosdavinci.com\/blog\/wp-json\/wp\/v2\/posts"}],"about":[{"href":"https:\/\/www.ginasiosdavinci.com\/blog\/wp-json\/wp\/v2\/types\/post"}],"author":[{"embeddable":true,"href":"https:\/\/www.ginasiosdavinci.com\/blog\/wp-json\/wp\/v2\/users\/1"}],"replies":[{"embeddable":true,"href":"https:\/\/www.ginasiosdavinci.com\/blog\/wp-json\/wp\/v2\/comments?post=139"}],"version-history":[{"count":2,"href":"https:\/\/www.ginasiosdavinci.com\/blog\/wp-json\/wp\/v2\/posts\/139\/revisions"}],"predecessor-version":[{"id":164,"href":"https:\/\/www.ginasiosdavinci.com\/blog\/wp-json\/wp\/v2\/posts\/139\/revisions\/164"}],"wp:featuredmedia":[{"embeddable":true,"href":"https:\/\/www.ginasiosdavinci.com\/blog\/wp-json\/wp\/v2\/media\/163"}],"wp:attachment":[{"href":"https:\/\/www.ginasiosdavinci.com\/blog\/wp-json\/wp\/v2\/media?parent=139"}],"wp:term":[{"taxonomy":"category","embeddable":true,"href":"https:\/\/www.ginasiosdavinci.com\/blog\/wp-json\/wp\/v2\/categories?post=139"},{"taxonomy":"post_tag","embeddable":true,"href":"https:\/\/www.ginasiosdavinci.com\/blog\/wp-json\/wp\/v2\/tags?post=139"}],"curies":[{"name":"wp","href":"https:\/\/api.w.org\/{rel}","templated":true}]}}